{"id":6313,"date":"2025-12-04T17:17:54","date_gmt":"2025-12-04T20:17:54","guid":{"rendered":"https:\/\/studiodibea.com.br\/?p=6313"},"modified":"2025-12-04T17:17:54","modified_gmt":"2025-12-04T20:17:54","slug":"o-que-impede-as-pmes-de-exportar","status":"publish","type":"post","link":"https:\/\/studiodibea.com.br\/es\/o-que-impede-as-pmes-de-exportar\/","title":{"rendered":"O que impede as PMEs de exportar?"},"content":{"rendered":"<h2 class=\"wp-block-heading\">Os 3 bloqueios invis\u00edveis no mercado internacional.<\/h2>\n\n\n\n\n\n\n\n<p>Exportar sempre foi visto como um passo estrat\u00e9gico para o crescimento das PMEs brasileiras, mas um novo movimento come\u00e7a a chamar aten\u00e7\u00e3o no mercado internacional: empresas com excelente potencial exportador est\u00e3o travando antes mesmo de chegar ao primeiro contato externo.<\/p>\n\n\n\n<p>Um levantamento interno realizado pelo Studio Dibea \u2014 consultoria \u00edtalo-brasileira especializada em internacionaliza\u00e7\u00e3o de PMEs \u2014 identificou que o problema raramente est\u00e1 no produto. As principais barreiras, na verdade, s\u00e3o <strong>invis\u00edveis<\/strong> aos olhos da maior parte dos empres\u00e1rios.<\/p>\n\n\n\n<p>A seguir, voc\u00ea confere os tr\u00eas bloqueios silenciosos que mais t\u00eam impedido a expans\u00e3o de pequenas empresas, especialmente no eixo <strong>Brasil\u2013It\u00e1lia<\/strong>.<\/p>\n\n\n\n<hr class=\"wp-block-separator has-alpha-channel-opacity\"\/>\n\n\n\n<p><strong>1. Falta de dire\u00e7\u00e3o clara: o bloqueio que mais desacelera PMEs no in\u00edcio da exporta\u00e7\u00e3o<\/strong><\/p>\n\n\n\n<p>De acordo com a an\u00e1lise da equipe de consultoria internacional, a maioria das PMEs que decide exportar inicia o processo com uma vis\u00e3o ampla \u2014 \u201cquero vender para a Europa\u201d, \u201cquero explorar o mercado internacional\u201d \u2014 mas sem responder \u00e0s perguntas fundamentais:<\/p>\n\n\n\n<ul class=\"wp-block-list\">\n<li><em>Para qual pa\u00eds exatamente?<\/em><\/li>\n\n\n\n<li><em>Qual nicho dentro desse pa\u00eds?<\/em><\/li>\n\n\n\n<li><em>Quais regulamenta\u00e7\u00f5es impactam meu setor?<\/em><\/li>\n\n\n\n<li><em>Qual \u00e9 o caminho de entrada mais vi\u00e1vel?<\/em><\/li>\n<\/ul>\n\n\n\n<p>A aus\u00eancia dessas respostas cria uma sensa\u00e7\u00e3o de inseguran\u00e7a constante.<\/p>\n\n\n\n<p>E, como explica a CEO do Studio Dibea, <strong>Silvana Oliveira<\/strong>, \u201cquando a empresa n\u00e3o tem clareza de destino, qualquer passo parece arriscado \u2014 e isso paralisa o processo antes que ele comece\u201d.<\/p>\n\n\n\n<p>Ter um <strong>diagn\u00f3stico exportador<\/strong> e um <strong>pa\u00eds-alvo definido<\/strong> \u00e9 o primeiro filtro para reduzir incertezas e transformar a internacionaliza\u00e7\u00e3o em uma rota real e estruturada.<\/p>\n\n\n\n<hr class=\"wp-block-separator has-alpha-channel-opacity\"\/>\n\n\n\n<p><strong>2. Burocracia mal interpretada: o ru\u00eddo que aumenta riscos e trava decis\u00f5es<\/strong><\/p>\n\n\n\n<p>A segunda barreira invis\u00edvel n\u00e3o \u00e9 a burocracia em si \u2014 \u00e9 a <strong>interpreta\u00e7\u00e3o equivocada<\/strong> sobre ela.<br>Muitas PMEs acreditam que todo o processo regulat\u00f3rio \u00e9 complexo, caro ou inacess\u00edvel. Mas o que observamos, na pr\u00e1tica, \u00e9 o contr\u00e1rio:<\/p>\n\n\n\n<p>\u201c80% das dificuldades desaparecem quando a empresa entende o que \u00e9 realmente obrigat\u00f3rio e o que \u00e9 apenas mito percebido\u201d, explica Silvana.<\/p>\n\n\n\n<p>Esse ru\u00eddo deixa PMEs presas em ciclos de d\u00favida, adiando decis\u00f5es estrat\u00e9gicas por medo de exig\u00eancias que, em muitos casos, <strong>n\u00e3o se aplicam ao seu tipo de produto ou categoria<\/strong>.<\/p>\n\n\n\n<p>Compreender as obriga\u00e7\u00f5es reais \u2014 como certifica\u00e7\u00f5es, documentos, normas t\u00e9cnicas e exig\u00eancias sanit\u00e1rias \u2014 reduz riscos e acelera a tomada de decis\u00e3o.<\/p>\n\n\n\n<hr class=\"wp-block-separator has-alpha-channel-opacity\"\/>\n\n\n\n<p><strong>3. Narrativa n\u00e3o adaptada ao mercado de destino: o erro silencioso que impede a conquista internacional<\/strong><\/p>\n\n\n\n<p>Mesmo quando o produto chega ao exterior, isso n\u00e3o significa que ele ser\u00e1 compreendido, valorizado ou comprado.<br>O terceiro bloqueio invis\u00edvel est\u00e1 justamente na <strong>comunica\u00e7\u00e3o n\u00e3o adaptada<\/strong>.<\/p>\n\n\n\n<p>Exportar exige adequa\u00e7\u00e3o cultural e comercial:<\/p>\n\n\n\n<ul class=\"wp-block-list\">\n<li>discurso alinhado ao pa\u00eds de destino<\/li>\n\n\n\n<li>est\u00e9tica, linguagem e claims ajustados<\/li>\n\n\n\n<li>rotulagem compat\u00edvel<\/li>\n\n\n\n<li>posicionamento que fa\u00e7a sentido para o europeu<\/li>\n<\/ul>\n\n\n\n<p>Empresas que mant\u00eam sua comunica\u00e7\u00e3o \u201cvoltada ao Brasil\u201d t\u00eam mais dificuldade em conquistar distribuidores, compradores e parceiros.<\/p>\n\n\n\n<p>\u201cA exporta\u00e7\u00e3o \u00e9 um movimento t\u00e9cnico, mas tamb\u00e9m \u00e9 um movimento cultural. Quem n\u00e3o adapta narrativa, n\u00e3o avan\u00e7a\u201d, refor\u00e7a Silvana.<\/p>\n\n\n\n<hr class=\"wp-block-separator has-alpha-channel-opacity\"\/>\n\n\n\n<p><strong>Por que entender esses bloqueios muda tudo para a PME?<\/strong><\/p>\n\n\n\n<p>Porque, ao contr\u00e1rio do que muitos acreditam, <strong>a exporta\u00e7\u00e3o n\u00e3o falha por falta de potencial, mas por falta de estrutura e clareza<\/strong>.<br>Quando esses tr\u00eas pontos ganham ordem, a empresa passa a enxergar:<\/p>\n\n\n\n<ul class=\"wp-block-list\">\n<li>previsibilidade de custos e prazos<\/li>\n\n\n\n<li>defini\u00e7\u00e3o de pa\u00eds e canal de entrada<\/li>\n\n\n\n<li>risco regulat\u00f3rio reduzido<\/li>\n\n\n\n<li>narrativa alinhada ao mercado-alvo<\/li>\n\n\n\n<li>seguran\u00e7a nas tomadas de decis\u00e3o<\/li>\n<\/ul>\n\n\n\n<p>Esses elementos transformam a internacionaliza\u00e7\u00e3o em um caminho poss\u00edvel, organizado e estrat\u00e9gico.<\/p>\n\n\n\n<p><strong>O pr\u00f3ximo passo: como saber qual desses bloqueios est\u00e1 travando sua PME?<\/strong><\/p>\n\n\n\n<p>O Studio Dibea desenvolveu uma an\u00e1lise consultiva que identifica rapidamente <strong>qual dos tr\u00eas bloqueios<\/strong> est\u00e1 impactando o processo da sua empresa.<\/p>\n\n\n\n<p>Se voc\u00ea deseja avaliar o momento atual do seu neg\u00f3cio e entender qual rota internacional faz sentido para sua PME:<\/p>\n\n\n\n<p>\ud83d\udc49 <strong>Agende um diagn\u00f3stico inicial com nossa equipe<\/strong><\/p>\n\n\n\n<div class=\"wp-block-buttons is-layout-flex wp-block-buttons-is-layout-flex\">\n<div class=\"wp-block-button\"><a class=\"wp-block-button__link has-vivid-green-cyan-background-color has-background has-medium-font-size has-custom-font-size wp-element-button\" href=\"https:\/\/wa.me\/393774133668?text=Ol%C3%A1%2C%20tenho%20interesse%20em%20saber%20mais%20sobre%20sua%20proposta\" style=\"border-radius:68px\">Clique Aqui <\/a><\/div>\n<\/div>","protected":false},"excerpt":{"rendered":"<p>Os 3 bloqueios invis\u00edveis no mercado internacional. Exportar sempre foi visto como um passo estrat\u00e9gico para o crescimento das PMEs brasileiras, mas um novo movimento come\u00e7a a chamar aten\u00e7\u00e3o no mercado internacional: empresas com excelente potencial exportador est\u00e3o travando antes mesmo de chegar ao primeiro contato externo. Um levantamento interno realizado pelo Studio Dibea \u2014 [&hellip;]<\/p>","protected":false},"author":4,"featured_media":6314,"comment_status":"open","ping_status":"closed","sticky":false,"template":"","format":"standard","meta":{"_acf_changed":false,"_monsterinsights_skip_tracking":false,"_monsterinsights_sitenote_active":false,"_monsterinsights_sitenote_note":"","_monsterinsights_sitenote_category":0,"_joinchat":[],"footnotes":""},"categories":[240,18,222,84],"tags":[237,239,80,241,82,232,238,242],"class_list":["post-6313","post","type-post","status-publish","format-standard","has-post-thumbnail","hentry","category-comercio-exterior-para-pequenas-empresas","category-exportacao","category-internacionalizacao","category-networking-estrategico","tag-237","tag-bloqueios-invisiveis-exportacao","tag-comercio-exterior","tag-comercio-exterior-para-pequenas-empresas","tag-exportacao-digital","tag-internacionalizacao","tag-internacionalizacao-de-pmes","tag-planejamento-exportador"],"acf":[],"_links":{"self":[{"href":"https:\/\/studiodibea.com.br\/es\/wp-json\/wp\/v2\/posts\/6313","targetHints":{"allow":["GET"]}}],"collection":[{"href":"https:\/\/studiodibea.com.br\/es\/wp-json\/wp\/v2\/posts"}],"about":[{"href":"https:\/\/studiodibea.com.br\/es\/wp-json\/wp\/v2\/types\/post"}],"author":[{"embeddable":true,"href":"https:\/\/studiodibea.com.br\/es\/wp-json\/wp\/v2\/users\/4"}],"replies":[{"embeddable":true,"href":"https:\/\/studiodibea.com.br\/es\/wp-json\/wp\/v2\/comments?post=6313"}],"version-history":[{"count":1,"href":"https:\/\/studiodibea.com.br\/es\/wp-json\/wp\/v2\/posts\/6313\/revisions"}],"predecessor-version":[{"id":6315,"href":"https:\/\/studiodibea.com.br\/es\/wp-json\/wp\/v2\/posts\/6313\/revisions\/6315"}],"wp:featuredmedia":[{"embeddable":true,"href":"https:\/\/studiodibea.com.br\/es\/wp-json\/wp\/v2\/media\/6314"}],"wp:attachment":[{"href":"https:\/\/studiodibea.com.br\/es\/wp-json\/wp\/v2\/media?parent=6313"}],"wp:term":[{"taxonomy":"category","embeddable":true,"href":"https:\/\/studiodibea.com.br\/es\/wp-json\/wp\/v2\/categories?post=6313"},{"taxonomy":"post_tag","embeddable":true,"href":"https:\/\/studiodibea.com.br\/es\/wp-json\/wp\/v2\/tags?post=6313"}],"curies":[{"name":"wp","href":"https:\/\/api.w.org\/{rel}","templated":true}]}}