{"id":6316,"date":"2025-12-05T14:03:34","date_gmt":"2025-12-05T17:03:34","guid":{"rendered":"https:\/\/studiodibea.com.br\/?p=6316"},"modified":"2025-12-05T14:03:34","modified_gmt":"2025-12-05T17:03:34","slug":"como-internacionalizar-sua-pme-e-participar-de-feiras-internacionais-na-europa-guia-realista-para-transformar-ideia-em-presenca-global","status":"publish","type":"post","link":"https:\/\/studiodibea.com.br\/es\/como-internacionalizar-sua-pme-e-participar-de-feiras-internacionais-na-europa-guia-realista-para-transformar-ideia-em-presenca-global\/","title":{"rendered":"Como internacionalizar sua PME e participar de feiras internacionais na Europa: guia realista para transformar ideia em presen\u00e7a global"},"content":{"rendered":"<p><strong>Mil\u00e3o \u2014<\/strong> A busca por <em>internacionaliza\u00e7\u00e3o de PMEs<\/em> tem crescido de forma consistente, impulsionada pelo aumento da competitividade e pelo interesse em acessar novos mercados. Uma das portas de entrada mais eficazes continua sendo a participa\u00e7\u00e3o em <strong>feiras internacionais de neg\u00f3cios<\/strong>, especialmente na Europa. No entanto, segundo an\u00e1lise do Studio Dibea, refer\u00eancia \u00edtalo-brasileira em <em>com\u00e9rcio exterior Brasil\u2013It\u00e1lia<\/em>, muitas empresas esbarram em falta de planejamento estrat\u00e9gico.<\/p>\n\n\n\n<p>De acordo com <strong>Silvana Oliveira<\/strong>, CEO do Studio Dibea, o equ\u00edvoco mais comum \u00e9 tratar a feira como um evento isolado.<br>\u201c<strong>Feiras internacionais n\u00e3o s\u00e3o a\u00e7\u00f5es pontuais: s\u00e3o parte essencial da estrat\u00e9gia de internacionaliza\u00e7\u00e3o<\/strong>. Quando a PME compreende isso, aumenta sua previsibilidade, reduz riscos e melhora os resultados\u201d, afirma Oliveira.<\/p>\n\n\n\n<hr class=\"wp-block-separator has-alpha-channel-opacity\"\/>\n\n\n\n<p><strong>Planejamento: a etapa decisiva da internacionaliza\u00e7\u00e3o de PMEs<\/strong><\/p>\n\n\n\n<p>Estudos conduzidos pela consultoria mostram que <strong>70% do resultado de uma feira internacional depende do pr\u00e9-planejamento<\/strong>, que envolve:<\/p>\n\n\n\n<ul class=\"wp-block-list\">\n<li>Sele\u00e7\u00e3o estrat\u00e9gica da feira ideal<\/li>\n\n\n\n<li>An\u00e1lise de mercado e identifica\u00e7\u00e3o do pa\u00eds-alvo<\/li>\n\n\n\n<li>Verifica\u00e7\u00e3o das normas e requisitos regulat\u00f3rios<\/li>\n\n\n\n<li>Adequa\u00e7\u00e3o do produto ao padr\u00e3o europeu<\/li>\n\n\n\n<li>Constru\u00e7\u00e3o de pitches bil\u00edngues e materiais t\u00e9cnicos<\/li>\n<\/ul>\n\n\n\n<p>Essas a\u00e7\u00f5es antecipadas diminuem erros e aumentam as chances de sucesso para PMEs que desejam <strong>exportar para a Europa<\/strong>.<\/p>\n\n\n\n<hr class=\"wp-block-separator has-alpha-channel-opacity\"\/>\n\n\n\n<p><strong>Escolher a feira certa \u00e9 mais importante do que escolher a feira mais famosa<\/strong><\/p>\n\n\n\n<p>O levantamento do Studio Dibea confirma que <strong>a sele\u00e7\u00e3o inadequada da feira<\/strong> \u00e9 um dos fatores que mais comprometem o retorno do investimento.<br>Para empresas brasileiras, feiras como <strong>TuttoFood, Vinitaly, Cosmoprof e Ecomondo<\/strong> s\u00e3o relevantes, mas n\u00e3o necessariamente as mais estrat\u00e9gicas para todos os setores.<\/p>\n\n\n\n<p>A recomenda\u00e7\u00e3o t\u00e9cnica \u00e9 mapear:<\/p>\n\n\n\n<ul class=\"wp-block-list\">\n<li>Perfil de compradores internacionais<\/li>\n\n\n\n<li>Tend\u00eancias setoriais<\/li>\n\n\n\n<li>Objetivos comerciais (visibilidade, valida\u00e7\u00e3o, prospec\u00e7\u00e3o ou vendas)<\/li>\n\n\n\n<li>Acessibilidade log\u00edstica<\/li>\n\n\n\n<li>Hist\u00f3rico de participa\u00e7\u00e3o de PMEs brasileiras<\/li>\n<\/ul>\n\n\n\n<p>Esse processo evita desperd\u00edcios e direciona a empresa para eventos com maior potencial de neg\u00f3cios.<\/p>\n\n\n\n<hr class=\"wp-block-separator has-alpha-channel-opacity\"\/>\n\n\n\n<p><strong>Durante a feira: quando a prepara\u00e7\u00e3o se torna vantagem competitiva<\/strong><\/p>\n\n\n\n<p>No pavilh\u00e3o, as PMEs que j\u00e1 estruturaram sua estrat\u00e9gia chegam com:<\/p>\n\n\n\n<ul class=\"wp-block-list\">\n<li>Material adaptado ao mercado europeu<\/li>\n\n\n\n<li>Pitch comercial em italiano ou ingl\u00eas<\/li>\n\n\n\n<li>Agenda de reuni\u00f5es organizada com anteced\u00eancia<\/li>\n\n\n\n<li>Compreens\u00e3o das diferen\u00e7as culturais Brasil\u2013It\u00e1lia<\/li>\n\n\n\n<li>Clareza sobre follow-up e crit\u00e9rios de qualifica\u00e7\u00e3o<\/li>\n<\/ul>\n\n\n\n<p>Segundo Oliveira, \u201c<strong>improvisar em uma feira internacional significa perder oportunidades que s\u00f3 acontecem uma vez por ano \u2014 ou por ciclo<\/strong>\u201d.<\/p>\n\n\n\n<hr class=\"wp-block-separator has-alpha-channel-opacity\"\/>\n\n\n\n<p><strong>P\u00f3s-feira: onde os contratos realmente acontecem<\/strong><\/p>\n\n\n\n<p>No processo de <strong>internacionaliza\u00e7\u00e3o de PMEs<\/strong>, o p\u00f3s-feira \u00e9 determinante para consolidar resultados.<br>A etapa inclui:<\/p>\n\n\n\n<ul class=\"wp-block-list\">\n<li>Follow-up estruturado e bil\u00edngue<\/li>\n\n\n\n<li>Envio de materiais t\u00e9cnicos complementares<\/li>\n\n\n\n<li>Reuni\u00f5es online de qualifica\u00e7\u00e3o<\/li>\n\n\n\n<li>Constru\u00e7\u00e3o de previs\u00e3o de demanda e pr\u00f3ximos passos<\/li>\n<\/ul>\n\n\n\n<p>As empresas que executam esse ciclo t\u00eam probabilidade significativamente maior de converter leads em contratos.<\/p>\n\n\n\n<hr class=\"wp-block-separator has-alpha-channel-opacity\"\/>\n\n\n\n<p><strong>Tend\u00eancia de mercado: PMEs brasileiras buscam apoio t\u00e9cnico para expans\u00e3o internacional<\/strong><\/p>\n\n\n\n<p>O Studio Dibea tem observado aumento na procura por <strong>consultoria em com\u00e9rcio internacional<\/strong>, especialmente de empresas interessadas em:<\/p>\n\n\n\n<ul class=\"wp-block-list\">\n<li>Exportar para a Europa<\/li>\n\n\n\n<li>Validar produtos e embalagens<\/li>\n\n\n\n<li>Entender requisitos regulat\u00f3rios<\/li>\n\n\n\n<li>Participar de feiras internacionais com menor risco<\/li>\n\n\n\n<li>Estabelecer parceiros comerciais na It\u00e1lia<\/li>\n<\/ul>\n\n\n\n<p>\u201c<strong>Internacionalizar n\u00e3o exige pressa \u2014 exige m\u00e9todo<\/strong>\u201d, refor\u00e7a Silvana Oliveira.<br>\u201cQuando existe estrutura, a feira deixa de ser um sonho distante e se torna um passo concreto do processo de expans\u00e3o global.\u201d<\/p>\n\n\n\n<div class=\"wp-block-buttons is-layout-flex wp-block-buttons-is-layout-flex\">\n<div class=\"wp-block-button has-custom-width wp-block-button__width-25\"><a class=\"wp-block-button__link has-black-color has-luminous-vivid-orange-background-color has-text-color has-background has-link-color wp-element-button\" href=\"https:\/\/cursos.studiodibea.com.br\/ebook-checklist-feiras-internacionais?source=popup\"><strong>GARANTIR MEU GUIA AGORA<\/strong><\/a><\/div>\n<\/div>","protected":false},"excerpt":{"rendered":"<p>Mil\u00e3o \u2014 A busca por internacionaliza\u00e7\u00e3o de PMEs tem crescido de forma consistente, impulsionada pelo aumento da competitividade e pelo interesse em acessar novos mercados. Uma das portas de entrada mais eficazes continua sendo a participa\u00e7\u00e3o em feiras internacionais de neg\u00f3cios, especialmente na Europa. No entanto, segundo an\u00e1lise do Studio Dibea, refer\u00eancia \u00edtalo-brasileira em com\u00e9rcio [&hellip;]<\/p>","protected":false},"author":4,"featured_media":6317,"comment_status":"open","ping_status":"closed","sticky":false,"template":"","format":"standard","meta":{"_acf_changed":false,"_monsterinsights_skip_tracking":false,"_monsterinsights_sitenote_active":false,"_monsterinsights_sitenote_note":"","_monsterinsights_sitenote_category":0,"_joinchat":[],"footnotes":""},"categories":[247,225,222,84,79],"tags":[237,241,246,232,243,245,244],"class_list":["post-6316","post","type-post","status-publish","format-standard","has-post-thumbnail","hentry","category-e-book","category-feiras-internacionais","category-internacionalizacao","category-networking-estrategico","category-oportunidades","tag-237","tag-comercio-exterior-para-pequenas-empresas","tag-estrategias-para-feiras-na-europa","tag-internacionalizacao","tag-participacao-em-feiras-de-negocios","tag-preparacao-para-feira-de-negocios","tag-requisitos-para-expor-na-europa"],"acf":[],"_links":{"self":[{"href":"https:\/\/studiodibea.com.br\/es\/wp-json\/wp\/v2\/posts\/6316","targetHints":{"allow":["GET"]}}],"collection":[{"href":"https:\/\/studiodibea.com.br\/es\/wp-json\/wp\/v2\/posts"}],"about":[{"href":"https:\/\/studiodibea.com.br\/es\/wp-json\/wp\/v2\/types\/post"}],"author":[{"embeddable":true,"href":"https:\/\/studiodibea.com.br\/es\/wp-json\/wp\/v2\/users\/4"}],"replies":[{"embeddable":true,"href":"https:\/\/studiodibea.com.br\/es\/wp-json\/wp\/v2\/comments?post=6316"}],"version-history":[{"count":1,"href":"https:\/\/studiodibea.com.br\/es\/wp-json\/wp\/v2\/posts\/6316\/revisions"}],"predecessor-version":[{"id":6318,"href":"https:\/\/studiodibea.com.br\/es\/wp-json\/wp\/v2\/posts\/6316\/revisions\/6318"}],"wp:featuredmedia":[{"embeddable":true,"href":"https:\/\/studiodibea.com.br\/es\/wp-json\/wp\/v2\/media\/6317"}],"wp:attachment":[{"href":"https:\/\/studiodibea.com.br\/es\/wp-json\/wp\/v2\/media?parent=6316"}],"wp:term":[{"taxonomy":"category","embeddable":true,"href":"https:\/\/studiodibea.com.br\/es\/wp-json\/wp\/v2\/categories?post=6316"},{"taxonomy":"post_tag","embeddable":true,"href":"https:\/\/studiodibea.com.br\/es\/wp-json\/wp\/v2\/tags?post=6316"}],"curies":[{"name":"wp","href":"https:\/\/api.w.org\/{rel}","templated":true}]}}